[{"@context":"https:\/\/schema.org\/","@type":"Article","@id":"https:\/\/www.ackin.cz\/s-duchodem-to-zacina-byt-cim-dal-komplikovanejsi\/#Article","mainEntityOfPage":"https:\/\/www.ackin.cz\/s-duchodem-to-zacina-byt-cim-dal-komplikovanejsi\/","headline":"S d\u016fchodem to za\u010d\u00edn\u00e1 b\u00fdt \u010d\u00edm d\u00e1l komplikovan\u011bj\u0161\u00ed","name":"S d\u016fchodem to za\u010d\u00edn\u00e1 b\u00fdt \u010d\u00edm d\u00e1l komplikovan\u011bj\u0161\u00ed","description":"Pokud to s n\u011b\u010d\u00edm za\u010d\u00edn\u00e1 b\u00fdt \u010d\u00edm d\u00e1l komplikovan\u011bj\u0161\u00ed, je to d\u016fchod. Mnoho lid\u00ed m\u016f\u017ee m\u00edt dnes pocit, \u017ee se d\u016fchodu ji\u017e nedo\u017eij\u00ed. Rozhodn\u011b se nen\u00ed \u010demu divit, proto\u017ee se to jev\u00ed tak, \u017ee i kdy\u017e \u010dlov\u011bk doc\u00edl\u00ed sta let, stejn\u011b se do d\u016fchodu nedostane. Jedna v\u011bc je v\u011bk odchodu do d\u016fchodu a druhou v\u011bc\u00ed [&hellip;]","datePublished":"2023-08-27","dateModified":"2023-08-27","author":{"@type":"Person","@id":"https:\/\/www.ackin.cz\/author\/devene\/#Person","name":"devene","url":"https:\/\/www.ackin.cz\/author\/devene\/","identifier":1,"image":{"@type":"ImageObject","@id":"https:\/\/secure.gravatar.com\/avatar\/d3163b56da0fbe010a5181dcf7396b9bd721056c768c8d190d293b864efe53fe?s=96&d=mm&r=g","url":"https:\/\/secure.gravatar.com\/avatar\/d3163b56da0fbe010a5181dcf7396b9bd721056c768c8d190d293b864efe53fe?s=96&d=mm&r=g","height":96,"width":96}},"publisher":{"@type":"Organization","name":"ackin.cz","logo":{"@type":"ImageObject","@id":"\/logo.png","url":"\/logo.png","width":600,"height":60}},"image":{"@type":"ImageObject","@id":"https:\/\/www.ackin.cz\/wp-content\/uploads\/elderly-981400_1280.jpg","url":"https:\/\/www.ackin.cz\/wp-content\/uploads\/elderly-981400_1280.jpg","height":0,"width":0},"url":"https:\/\/www.ackin.cz\/s-duchodem-to-zacina-byt-cim-dal-komplikovanejsi\/","about":["Ekonomika"],"wordCount":464,"articleBody":"       Pokud to s n\u011b\u010d\u00edm za\u010d\u00edn\u00e1 b\u00fdt \u010d\u00edm d\u00e1l komplikovan\u011bj\u0161\u00ed, je to d\u016fchod. Mnoho lid\u00ed m\u016f\u017ee m\u00edt dnes pocit, \u017ee se d\u016fchodu ji\u017e nedo\u017eij\u00ed. Rozhodn\u011b se nen\u00ed \u010demu divit, proto\u017ee se to jev\u00ed tak, \u017ee i kdy\u017e \u010dlov\u011bk doc\u00edl\u00ed sta let, stejn\u011b se do d\u016fchodu nedostane.Jedna v\u011bc je v\u011bk odchodu do d\u016fchodu a druhou v\u011bc\u00ed je jeho v\u00fd\u0161e. Je dost mo\u017en\u00e9, \u017ee v budoucnu budou d\u016fchody natolik n\u00edzk\u00e9, \u017ee pokud \u010dlov\u011bk nebude m\u00edt za sv\u016fj \u017eivot n\u011bco na\u0161et\u0159eno, bude m\u00edt probl\u00e9m vy\u017e\u00edt.Bohu\u017eel doba je takov\u00e1, \u017ee \u010dlov\u011bk mus\u00ed po\u010d\u00edtat s nejhor\u0161\u00edm a to i s t\u00edm, \u017ee bude m\u00edt dan\u00fd \u010dlov\u011bk v d\u016fchodu skute\u010dn\u011b probl\u00e9m.D\u016fchod stokr\u00e1t jinak nebankovnihypoteka. Je dost mo\u017en\u00e9, \u017ee se do budoucna do\u010dk\u00e1me dal\u0161\u00edch zm\u011bn, ze kter\u00fdch nebude ve v\u00fdsledku nikdo nad\u0161en\u00fd.Nem\u016f\u017eeme se divit tomu, \u017ee se mnoho lid\u00ed rozhodlo, \u017ee p\u016fjdou do d\u016fchodu ji\u017e nyn\u00ed a to proto, \u017ee je to ve v\u00fdsledku vyjde nejl\u00e9pe a to, i kdy\u017e mohli n\u011bjakou dobu je\u0161t\u011b pracovat a b\u00fdt mezi lidmi, se kter\u00fdmi pracuj\u00ed ji\u017e velmi dlouho.Najde se mnoho lid\u00ed, kte\u0159\u00ed se na d\u016fchod opravdu t\u011b\u0161\u00ed a ur\u010dit\u011b to dan\u00fdm lidem nem\u016f\u017eeme m\u00edt za zl\u00e9. Nem\u016f\u017eeme jim m\u00edt proto za zl\u00e9 ani to, \u017ee se do d\u016fchodu rozhodli j\u00edt pr\u00e1v\u011b te\u010f. N\u011bkdy \u010dlov\u011bk spat\u0159\u00ed p\u0159\u00edle\u017eitost a rozhodne se j\u00ed vyu\u017e\u00edt proto\u017ee si mysl\u00ed, \u017ee je pro n\u011bj dan\u00e1 p\u0159\u00edle\u017eitost to nejlep\u0161\u00ed. N\u011bkdy tomu opravdu tak je.Je dost mo\u017en\u00e9, \u017ee na\u0161e d\u011bti ji\u017e ani nebudou v\u011bd\u011bt, co d\u016fchod v\u016fbec je. Bohu\u017eel a\u017e natolik se v\u0161echny v\u011bci ohledn\u011b d\u016fchodu m\u011bn\u00ed a ka\u017ed\u00fd rok je to jin\u00e9. Snad ka\u017ed\u00fd rok se dozv\u00edd\u00e1me n\u011bjak\u00e9 zm\u011bny ohledn\u011b d\u016fchod\u016f, tak\u017ee je opravdu mo\u017en\u00e9, \u017ee na\u0161e d\u011bti p\u016fjdou do d\u016fchodu a\u017e v dob\u011b, kdy jim bude nap\u0159\u00edklad 80 let a v\u00edce.M\u016f\u017eeme se nechat jen p\u0159ekvapit, s \u010d\u00edm dal\u0161\u00edm na\u0161e vl\u00e1da p\u0159ijde. Najde se spousta t\u011bch, kte\u0159\u00ed s mnoh\u00fdmi v\u011bcmi nesouhlas\u00ed, ale i kdy\u017e se sna\u017e\u00ed ud\u011blat v\u0161e proto, aby o tom vl\u00e1da v\u011bd\u011bla, kolikr\u00e1t je to zcela marn\u00e9.Je tedy ot\u00e1zkou, na co se maj\u00ed lid\u00e9 do budoucna p\u0159ipravit.                                                                                                                                                                                                                                                                                                                                                                                          4.5\/5 - (11 votes)        "},{"@context":"https:\/\/schema.org\/","@type":"BreadcrumbList","itemListElement":[{"@type":"ListItem","position":1,"name":"S d\u016fchodem to za\u010d\u00edn\u00e1 b\u00fdt \u010d\u00edm d\u00e1l komplikovan\u011bj\u0161\u00ed","item":"https:\/\/www.ackin.cz\/s-duchodem-to-zacina-byt-cim-dal-komplikovanejsi\/#breadcrumbitem"}]}]