[{"@context":"https:\/\/schema.org\/","@type":"Article","@id":"https:\/\/www.ackin.cz\/s-bazenem-se-mame-lip\/#Article","mainEntityOfPage":"https:\/\/www.ackin.cz\/s-bazenem-se-mame-lip\/","headline":"S baz\u00e9nem se m\u00e1me l\u00edp","name":"S baz\u00e9nem se m\u00e1me l\u00edp","description":"V l\u00e9t\u011b je kr\u00e1sn\u011b kde? P\u0159ece v lese nebo u vody. Tam je chl\u00e1dek, tam se nemus\u00edme potit jako v panel\u00e1kov\u00e9 v\u00fdhni. A to je za vedra p\u0159\u00edjemn\u00e9. A kdyby to \u0161lo, m\u011bli bychom les nebo vodu v\u0161ude. Ale to nejde. Nebo n\u011bco z toho nejde. Nikam si t\u0159eba nep\u0159ineseme les. Ale s tou vodou [&hellip;]","datePublished":"2022-12-17","dateModified":"2022-12-17","author":{"@type":"Person","@id":"https:\/\/www.ackin.cz\/author\/devene\/#Person","name":"devene","url":"https:\/\/www.ackin.cz\/author\/devene\/","identifier":1,"image":{"@type":"ImageObject","@id":"https:\/\/secure.gravatar.com\/avatar\/d3163b56da0fbe010a5181dcf7396b9bd721056c768c8d190d293b864efe53fe?s=96&d=mm&r=g","url":"https:\/\/secure.gravatar.com\/avatar\/d3163b56da0fbe010a5181dcf7396b9bd721056c768c8d190d293b864efe53fe?s=96&d=mm&r=g","height":96,"width":96}},"publisher":{"@type":"Organization","name":"ackin.cz","logo":{"@type":"ImageObject","@id":"\/logo.png","url":"\/logo.png","width":600,"height":60}},"image":{"@type":"ImageObject","@id":"https:\/\/www.ackin.cz\/wp-content\/uploads\/b3_1.jpg","url":"https:\/\/www.ackin.cz\/wp-content\/uploads\/b3_1.jpg","height":0,"width":0},"url":"https:\/\/www.ackin.cz\/s-bazenem-se-mame-lip\/","wordCount":453,"articleBody":"   V l\u00e9t\u011b je kr\u00e1sn\u011b kde? P\u0159ece v lese nebo u vody. Tam je chl\u00e1dek, tam se nemus\u00edme potit jako v panel\u00e1kov\u00e9 v\u00fdhni. A to je za vedra p\u0159\u00edjemn\u00e9. A kdyby to \u0161lo, m\u011bli bychom les nebo vodu v\u0161ude. Ale to nejde. Nebo n\u011bco z toho nejde. Nikam si t\u0159eba nep\u0159ineseme les. Ale s tou vodou je to p\u0159ece jen lep\u0161\u00ed. M\u016f\u017eeme m\u00edt p\u0159ece baz\u00e9n. A i kdy\u017e je t\u0159eba jenom mal\u00fd, svoji slu\u017ebu n\u00e1m ur\u010dit\u011b prok\u00e1\u017ee. Kdy\u017e si baz\u00e9n koup\u00edme, m\u016f\u017eeme se v n\u011bm cachtat t\u0159eba i \u00fapln\u011b sami. Nebo s lidmi, se kter\u00fdmi se o ten baz\u00e9n chceme pod\u011blit. A to znamen\u00e1 v\u00fdhodu, kterou nemaj\u00ed ani lidi, co chod\u00ed na ve\u0159ejn\u00e9 koupali\u0161t\u011b nebo k n\u011bjak\u00e9 p\u0159\u00edrodn\u00ed vodn\u00ed plo\u0161e. Ti se mus\u00ed o sv\u00e9 m\u00edsto na slunci d\u011blit s t\u011bmi, kdo maj\u00ed stejn\u00e9 \u00famysly, teda i se spoustou ciz\u00edch lid\u00ed, je tam \u010dasto hluk a nepo\u0159\u00e1dek a ani trocha soukrom\u00ed. A to nen\u00ed ono. Ale takov\u00fd vlastn\u00ed baz\u00e9n, to je v\u011bc! Do toho si m\u016f\u017eeme vl\u00e9zt, kdy jenom chceme, a m\u016f\u017eeme se v n\u011bm t\u0159eba i pomalu rozpustit. A nic se ned\u011bje, nikdo n\u00e1m do toho nem\u00e1 co mluvit. A proto u\u017e taky tolik lid\u00ed sv\u016fj baz\u00e9n t\u0159eba n\u011bkde na zahrad\u011b m\u00e1. Zahrada s baz\u00e9nem je o hodn\u011b lep\u0161\u00ed ne\u017e zahrada bez baz\u00e9nu. A kdy\u017e se tam nainstaluje t\u0159eba \u010d\u00e1ste\u010dn\u011b zapu\u0161t\u011bn\u00fd baz\u00e9n https:\/\/www.bazenygluc.cz\/, to je pane\u010dku po\u017eitek. Tomu se jen tak n\u011bco nevyrovn\u00e1. \u017de v\u00e1s to zaujalo? \u017de byste mo\u017en\u00e1 i vy takov\u00fd baz\u00e9n cht\u011bli? Pak ho m\u016f\u017eete bez probl\u00e9m\u016f m\u00edt. M\u016f\u017eete si ho koupit a nechat nainstalovat, na tom nic nen\u00ed. A pak u\u017e si budete l\u00e9to spojovat jenom s jeho kr\u00e1sami. A ne s nesnesiteln\u00fdm vedrem, ve kter\u00e9m se \u0161kva\u0159\u00ed v\u0161ichni, kdo jsou bez baz\u00e9nu a mus\u00ed se t\u0159eba potit n\u011bkde v panel\u00e1ku. Baz\u00e9n je prost\u011b \u00fapln\u011b to nej. Na ten ned\u00e1m dopustit. A spousta jin\u00fdch lid\u00ed taky ne. Ka\u017ed\u00fd norm\u00e1ln\u00ed \u010dlov\u011bk ho chce a m\u016f\u017ee m\u00edt. A ani vy nemus\u00edte b\u00fdt v\u00fdjimka. A nebu\u010fte v\u00fdjimka. Jestli si toti\u017e baz\u00e9n nepo\u0159\u00edd\u00edte, budete toho u\u017e za n\u011bkolik m\u011bs\u00edc\u016f ho\u0159ce litovat. Na to se spolehn\u011bte.                                                                                                                                                                                                                                                                                                                                                                                          5\/5 - (5 votes)        "},{"@context":"https:\/\/schema.org\/","@type":"BreadcrumbList","itemListElement":[{"@type":"ListItem","position":1,"name":"S baz\u00e9nem se m\u00e1me l\u00edp","item":"https:\/\/www.ackin.cz\/s-bazenem-se-mame-lip\/#breadcrumbitem"}]}]