[{"@context":"https:\/\/schema.org\/","@type":"Article","@id":"https:\/\/www.ackin.cz\/pryc-s-covidem\/#Article","mainEntityOfPage":"https:\/\/www.ackin.cz\/pryc-s-covidem\/","headline":"Pry\u010d s covidem","name":"Pry\u010d s covidem","description":"Jestli u\u017e n\u011b\u010deho m\u00e1me v\u0161ichni skute\u010dn\u011b dost, tak jsou to v\u0161echno ta covidov\u00e1 opat\u0159en\u00ed, kter\u00e9 jsme byli nuceni dodr\u017eovat. Nebudeme si nic nalh\u00e1vat, d\u00edky zmatk\u016fm, kter\u00e9 p\u0159edv\u00e1d\u011bla na\u0161e vl\u00e1da, bylo n\u011bkdy docela t\u011b\u017ek\u00e9 se vyznat, co kdy kde plat\u00ed. Chv\u00edli vymysleli PES, potom semafor, ale aktu\u00e1ln\u00ed opat\u0159en\u00ed jen m\u00e1lokdy odpov\u00eddaly tomu, co by podle semaforu [&hellip;]","datePublished":"2022-03-12","dateModified":"2022-03-12","author":{"@type":"Person","@id":"https:\/\/www.ackin.cz\/author\/devene\/#Person","name":"devene","url":"https:\/\/www.ackin.cz\/author\/devene\/","identifier":1,"image":{"@type":"ImageObject","@id":"https:\/\/secure.gravatar.com\/avatar\/d3163b56da0fbe010a5181dcf7396b9bd721056c768c8d190d293b864efe53fe?s=96&d=mm&r=g","url":"https:\/\/secure.gravatar.com\/avatar\/d3163b56da0fbe010a5181dcf7396b9bd721056c768c8d190d293b864efe53fe?s=96&d=mm&r=g","height":96,"width":96}},"publisher":{"@type":"Organization","name":"ackin.cz","logo":{"@type":"ImageObject","@id":"\/logo.png","url":"\/logo.png","width":600,"height":60}},"image":{"@type":"ImageObject","@id":"https:\/\/www.ackin.cz\/wp-content\/uploads\/coronavirus-g0f01c5990_640.jpg","url":"https:\/\/www.ackin.cz\/wp-content\/uploads\/coronavirus-g0f01c5990_640.jpg","height":0,"width":0},"url":"https:\/\/www.ackin.cz\/pryc-s-covidem\/","about":["Produkty"],"wordCount":409,"articleBody":"        Jestli u\u017e n\u011b\u010deho m\u00e1me v\u0161ichni skute\u010dn\u011b dost, tak jsou to v\u0161echno ta covidov\u00e1 opat\u0159en\u00ed, kter\u00e9 jsme byli nuceni dodr\u017eovat. Nebudeme si nic nalh\u00e1vat, d\u00edky zmatk\u016fm, kter\u00e9 p\u0159edv\u00e1d\u011bla na\u0161e vl\u00e1da, bylo n\u011bkdy docela t\u011b\u017ek\u00e9 se vyznat, co kdy kde plat\u00ed. Chv\u00edli vymysleli PES, potom semafor, ale aktu\u00e1ln\u00ed opat\u0159en\u00ed jen m\u00e1lokdy odpov\u00eddaly tomu, co by podle semaforu nebo PES m\u011blo platit.Mo\u017en\u00e1 m\u00e1m \u0161t\u011bst\u00ed, ale jsem jedna z t\u011bch, co covid neprod\u011blala, a p\u0159itom rozhodn\u011b nepat\u0159\u00edm k t\u011bm, kte\u0159\u00ed by striktn\u011b dodr\u017eovali pravidla, jako rou\u0161ky a nest\u00fdkat se s p\u0159\u00edteli. Tak\u00e9 u n\u00e1s ve firm\u011b n\u00e1s nikdy nikdo nenutil nosit v pracovn\u00ed dob\u011b rou\u0161ky a sv\u011bte div se, nikdy nikdo nikoho nenakazil, i kdy\u017e prokazateln\u011b u\u017e byl pozitivn\u00ed. Tak\u00e9 m\u00e1m \u0161t\u011bst\u00ed, \u017ee nikdo v m\u00e9m okol\u00ed neum\u0159el, i kdy\u017e pozitivn\u00edch jich bylo hodn\u011b. Ale nikdo nem\u011bl hor\u0161\u00ed pr\u016fb\u011bh ne\u017e u klasick\u00e9 ch\u0159ipky nebo siln\u011bj\u0161\u00edho nachlazen\u00ed.N\u011bkter\u00e1 opat\u0159en\u00ed byla asi nutn\u00e1, ale mnoho nejen mi, ale i ostatn\u00edm lidem p\u0159ipadala p\u0159ita\u017een\u00e1 za vlasy. Nap\u0159\u00edklad kade\u0159nictv\u00ed a ly\u017ea\u0159sk\u00e9 are\u00e1ly, to mi p\u0159ipadalo jako tot\u00e1ln\u00ed v\u00fdmysl. Nu ale na\u0159\u00edzen\u00ed ministerstva jsou platn\u00e1, tak\u017ee jsme chodili zarostl\u00ed a v zim\u011b, kter\u00e1 m\u011bla sn\u011bhu nejv\u00edc za posledn\u00edch kdov\u00edkolik let, jsme nevyt\u00e1hli ly\u017ee ze sk\u0159\u00edn\u011b. Covid opat\u0159en\u00ed Skibukovka to nebyly opat\u0159en\u00ed, ale z\u00e1kazy. M\u016f\u017eeme si st\u011b\u017eovat na r\u016fzn\u00e1 omezen\u00ed, ale asi se shodneme, \u017ee nejv\u00edc se opat\u0159en\u00ed dotkla na\u0161ich d\u011bt\u00ed. Online v\u00fduka, nebo v\u00fduka v rou\u0161k\u00e1ch, v\u010detn\u011b z\u00e1kazu zp\u011bvu, co by se u\u017e nikdy nem\u011blo opakovat. Snad se d\u011btem poda\u0159\u00ed op\u011bt zapadnout do \u0161koln\u00edho \u0159\u00e1du, nav\u00e1zat op\u011bt kamar\u00e1dsk\u00e9 vztahy a hlavn\u011b, dohnat ve\u0161kerou zame\u0161kanou l\u00e1tku. Je jaro, a p\u0159es l\u00e9to si covid d\u00e1v\u00e1 relativn\u011b pauzu, tak doufejme, \u017ee to tak bude i letos, ale hlavn\u011b, \u017ee na podzim nep\u0159ijde \u017e\u00e1dn\u00e1 nov\u00e1 mutace a nov\u00e1 vlna, d\u00edky kter\u00e9 by op\u011bt byly vyhla\u0161ovan\u00e1 opat\u0159en\u00ed a z\u00e1kazy. Doufejme.                                                                                                                                                                                                                                                                                                                                                                                          4.4\/5 - (8 votes)        "},{"@context":"https:\/\/schema.org\/","@type":"BreadcrumbList","itemListElement":[{"@type":"ListItem","position":1,"name":"Pry\u010d s covidem","item":"https:\/\/www.ackin.cz\/pryc-s-covidem\/#breadcrumbitem"}]}]