[{"@context":"https:\/\/schema.org\/","@type":"Article","@id":"https:\/\/www.ackin.cz\/proc-umet-ovladat-strelne-zbrane\/#Article","mainEntityOfPage":"https:\/\/www.ackin.cz\/proc-umet-ovladat-strelne-zbrane\/","headline":"Pro\u010d um\u011bt ovl\u00e1dat st\u0159eln\u00e9 zbran\u011b?","name":"Pro\u010d um\u011bt ovl\u00e1dat st\u0159eln\u00e9 zbran\u011b?","description":"Ano, dnes u n\u00e1s vl\u00e1dne m\u00edr. Alespo\u0148 tedy zd\u00e1nliv\u00fd m\u00edr. Ale je to opravdu stabiln\u00ed a nezm\u011bniteln\u00e1 v\u011bc? Jak jsou dnes na\u0161i mu\u017ei i \u017eeny p\u0159ipraveni br\u00e1nit sebe i svou zem? Popravd\u011b \u0159e\u010deno, moc ne. Povinnou vojenskou slu\u017ebu u\u017e d\u00e1vno zru\u0161ili, mu\u017ei, kte\u0159\u00ed j\u00ed pro\u0161li, st\u00e1rnou, ale co za dvacet, t\u0159icet nebo pades\u00e1t let? Bude [&hellip;]","datePublished":"2019-03-14","dateModified":"2023-04-30","author":{"@type":"Person","@id":"https:\/\/www.ackin.cz\/author\/devene\/#Person","name":"devene","url":"https:\/\/www.ackin.cz\/author\/devene\/","identifier":1,"image":{"@type":"ImageObject","@id":"https:\/\/secure.gravatar.com\/avatar\/d3163b56da0fbe010a5181dcf7396b9bd721056c768c8d190d293b864efe53fe?s=96&d=mm&r=g","url":"https:\/\/secure.gravatar.com\/avatar\/d3163b56da0fbe010a5181dcf7396b9bd721056c768c8d190d293b864efe53fe?s=96&d=mm&r=g","height":96,"width":96}},"publisher":{"@type":"Organization","name":"ackin.cz","logo":{"@type":"ImageObject","@id":"\/logo.png","url":"\/logo.png","width":600,"height":60}},"image":{"@type":"ImageObject","@id":"https:\/\/www.ackin.cz\/wp-content\/uploads\/img_a340159_w2933_t1553186770.jpg","url":"https:\/\/www.ackin.cz\/wp-content\/uploads\/img_a340159_w2933_t1553186770.jpg","height":0,"width":0},"url":"https:\/\/www.ackin.cz\/proc-umet-ovladat-strelne-zbrane\/","wordCount":448,"articleBody":"Ano, dnes u n\u00e1s vl\u00e1dne m\u00edr. Alespo\u0148 tedy zd\u00e1nliv\u00fd m\u00edr. Ale je to opravdu stabiln\u00ed a nezm\u011bniteln\u00e1 v\u011bc? Jak jsou dnes na\u0161i mu\u017ei i \u017eeny p\u0159ipraveni br\u00e1nit sebe i svou zem? Popravd\u011b \u0159e\u010deno, moc ne. Povinnou vojenskou slu\u017ebu u\u017e d\u00e1vno zru\u0161ili, mu\u017ei, kte\u0159\u00ed j\u00ed pro\u0161li, st\u00e1rnou, ale co za dvacet, t\u0159icet nebo pades\u00e1t let? Bude tu dostate\u010dn\u00e9 mno\u017estv\u00ed osob schopno ubr\u00e1nit alespo\u0148 sami sebe?A jsou toho schopni dnes? V\u00a0okoln\u00edch st\u00e1tech i u n\u00e1s v\u0161e v\u0159e a vyost\u0159uje se n\u00e1sledkem uprchlick\u00fdch vln a uprchlick\u00e9 krize. A bohu\u017eel, ne v\u0161ichni uprchl\u00edci jsou slu\u0161n\u00ed lid\u00e9, kte\u0159\u00ed cht\u011bj\u00ed v\u00a0poklidu \u017e\u00edt a pracovat. Mnoho z\u00a0nich je n\u00e1bo\u017eensk\u00fdmi fanatiky, kte\u0159\u00ed cht\u011bj\u00ed ostatn\u00ed p\u0159iv\u00e9st ke sv\u00e9 v\u00ed\u0159e, Cht\u011bj\u00ed, aby je sv\u011bt poslouchal a oni mu vl\u00e1dli. A ti, kdo nev\u011b\u0159\u00ed v\u00a0jejich jedinou a pravou v\u00edru, jsou jejich nep\u0159\u00e1teli, kte\u0159\u00ed si zaslou\u017e\u00ed zem\u0159\u00edt. Tak tito uprchl\u00edci i jin\u00ed organizuj\u00ed a realizuj\u00ed teroristick\u00e9 \u00fatoky, napadaj\u00ed a zneu\u017e\u00edvaj\u00ed \u017eeny i d\u011bti. A sv\u011bt se kr\u016f\u010dek po kr\u016f\u010dku bl\u00ed\u017e\u00ed k\u00a0dal\u0161\u00ed sv\u011btov\u00e9 v\u00e1lce.Jak to zm\u011bnit? P\u0159edev\u0161\u00edm je nutn\u00e9, aby se o zm\u011bnu zaslou\u017eil ka\u017ed\u00fd ob\u010dan. Ka\u017ed\u00fd plnolet\u00fd \u010dlov\u011bk, a\u0165 u\u017e \u017eena \u010di mu\u017e, by se m\u011bli zaj\u00edmat o d\u011bn\u00ed ve sv\u011bt\u011b i u n\u00e1s. Tak\u00e9 by m\u011bli b\u00fdt p\u0159ipraveni v\u00a0p\u0159\u00edpad\u011b krize chr\u00e1nit svou rodinu a sv\u00e9 nejbli\u017e\u0161\u00ed, i svou zem. A jak toho dos\u00e1hnout?V\u00a0prvn\u00ed \u0159ad\u011b je nutn\u00e9, aby se ka\u017ed\u00fd nau\u010dil rozumn\u011b a s\u00a0uv\u00e1\u017een\u00edm pou\u017e\u00edvat st\u0159eln\u00e9 zbran\u011b tak, aby zbyte\u010dn\u011b nepl\u00fdtval n\u00e1boji a dok\u00e1zal dob\u0159e zas\u00e1hnout c\u00edl. K\u00a0tomu ov\u0161em je pot\u0159eba nejen psychick\u00e1 vyrovnanost, ale tak\u00e9 dostatek kvalitn\u00edho tr\u00e9ninku ve st\u0159elb\u011b na c\u00edl. Tento tr\u00e9nink se d\u00e1 prov\u00e1d\u011bt zcela bezpe\u010dn\u011b na n\u011bkter\u00e9 z\u00a0mnoha st\u0159elnic, kter\u00e9 k\u00a0tomuto \u00fa\u010delu slou\u017e\u00ed. Ka\u017ed\u00fd se zde nau\u010d\u00ed nejen trefit c\u00edl, ale tak\u00e9 jak zbra\u0148 \u010distit a udr\u017eovat, aby jej\u00ed pou\u017eit\u00ed bylo bezpe\u010dn\u00e9.Proto nev\u00e1hejte a ve voln\u00e9m \u010dase se vydejte za\u010d\u00edt s\u00a0tr\u00e9ninkem na nejbli\u017e\u0161\u00ed st\u0159elnici. Z\u00edsk\u00e1te tak nejen novou adrenalinovou zku\u0161enost, ale tak\u00e9 praxi, kter\u00e1 se V\u00e1m v\u00a0budoucnu m\u016f\u017ee hodit.\u00a0                                                                                                                                                                                                                                                                                                                                                                                        4.4\/5 - (7 votes)        "},{"@context":"https:\/\/schema.org\/","@type":"BreadcrumbList","itemListElement":[{"@type":"ListItem","position":1,"name":"Pro\u010d um\u011bt ovl\u00e1dat st\u0159eln\u00e9 zbran\u011b?","item":"https:\/\/www.ackin.cz\/proc-umet-ovladat-strelne-zbrane\/#breadcrumbitem"}]}]