[{"@context":"https:\/\/schema.org\/","@type":"Article","@id":"https:\/\/www.ackin.cz\/premyslite-o-porizeni-klimatizace\/#Article","mainEntityOfPage":"https:\/\/www.ackin.cz\/premyslite-o-porizeni-klimatizace\/","headline":"P\u0159em\u00fd\u0161l\u00edte o po\u0159\u00edzen\u00ed klimatizace?","name":"P\u0159em\u00fd\u0161l\u00edte o po\u0159\u00edzen\u00ed klimatizace?","description":"Majitel\u00e9 byt\u016f a dom\u016f, kte\u0159\u00ed si cht\u011bj\u00ed po\u0159\u00eddit klimatizaci, \u010dasto p\u0159em\u00fd\u0161l\u00ed, jakou nejvhodn\u011bj\u0161\u00ed klimatizaci volit, vzhledem k\u00a0n\u00e1ro\u010dnosti instalace. Velkou roli zde tak\u00e9 hraj\u00ed nevzhledn\u00e9 venkovn\u00ed kondenz\u00e1tory tzv. venkovn\u00ed jednotky. Jsou v\u011bt\u0161inou nevzhledn\u00e9 na nov\u00fdch fas\u00e1d\u00e1ch dom\u016f a nav\u00edc n\u011bkte\u0159\u00ed majitel\u00e9 dom\u016f v\u00e1m je ani nedovol\u00ed instalovat. Dnes ji\u017e klimatizace nen\u00ed luxus, je b\u011b\u017en\u011b pou\u017e\u00edvan\u00e1 v\u00a0autech,\u00a0dom\u00e1cnostech [&hellip;]","datePublished":"2018-10-03","dateModified":"2023-04-30","author":{"@type":"Person","@id":"https:\/\/www.ackin.cz\/author\/devene\/#Person","name":"devene","url":"https:\/\/www.ackin.cz\/author\/devene\/","identifier":1,"image":{"@type":"ImageObject","@id":"https:\/\/secure.gravatar.com\/avatar\/d3163b56da0fbe010a5181dcf7396b9bd721056c768c8d190d293b864efe53fe?s=96&d=mm&r=g","url":"https:\/\/secure.gravatar.com\/avatar\/d3163b56da0fbe010a5181dcf7396b9bd721056c768c8d190d293b864efe53fe?s=96&d=mm&r=g","height":96,"width":96}},"publisher":{"@type":"Organization","name":"ackin.cz","logo":{"@type":"ImageObject","@id":"\/logo.png","url":"\/logo.png","width":600,"height":60}},"image":{"@type":"ImageObject","@id":"https:\/\/www.ackin.cz\/wp-content\/uploads\/img_a327068_w2632_t1539338273.jpg","url":"https:\/\/www.ackin.cz\/wp-content\/uploads\/img_a327068_w2632_t1539338273.jpg","height":0,"width":0},"url":"https:\/\/www.ackin.cz\/premyslite-o-porizeni-klimatizace\/","wordCount":380,"articleBody":"Majitel\u00e9 byt\u016f a dom\u016f, kte\u0159\u00ed si cht\u011bj\u00ed po\u0159\u00eddit klimatizaci, \u010dasto p\u0159em\u00fd\u0161l\u00ed, jakou nejvhodn\u011bj\u0161\u00ed klimatizaci volit, vzhledem k\u00a0n\u00e1ro\u010dnosti instalace. Velkou roli zde tak\u00e9 hraj\u00ed nevzhledn\u00e9 venkovn\u00ed kondenz\u00e1tory tzv. venkovn\u00ed jednotky. Jsou v\u011bt\u0161inou nevzhledn\u00e9 na nov\u00fdch fas\u00e1d\u00e1ch dom\u016f a nav\u00edc n\u011bkte\u0159\u00ed majitel\u00e9 dom\u016f v\u00e1m je ani nedovol\u00ed instalovat.Dnes ji\u017e klimatizace nen\u00ed luxus, je b\u011b\u017en\u011b pou\u017e\u00edvan\u00e1 v\u00a0autech,\u00a0dom\u00e1cnostech a kancel\u00e1\u0159\u00edch. V\u00a0n\u011bkter\u00fdch kancel\u00e1\u0159\u00edch a provozovn\u00e1ch se bez n\u00ed dnes jen t\u011b\u017eko obejdete. Dne\u0161n\u00ed v\u00fdrobci klimatizac\u00ed nab\u00edz\u00ed ji\u017e velmi technicky vysp\u011bl\u00e1 za\u0159\u00edzen\u00ed, krom\u011b chlazen\u00ed vzduchu tyto v\u00fdrobky zvl\u00e1daj\u00ed i vyt\u00e1p\u011bn\u00ed, filtraci, ionizaci zvlh\u010dov\u00e1n\u00ed a odvlh\u010dov\u00e1n\u00ed vzduchu. N\u011bkter\u00e9 tak\u00e9 um\u00ed fungovat jako tepeln\u00e1 \u010derpadla, co\u017e je velmi hospod\u00e1rn\u00fd zp\u016fsob zvl\u00e1\u0161t\u011b v\u00a0p\u0159echodn\u00e9m obdob\u00ed na ja\u0159e a na podzim.N\u011bkter\u00e9 typy klimatizac\u00ed:Mobiln\u00ed \u2013 nej\u010dast\u011bji kupovan\u00e9 jako dodate\u010dn\u00e9 za\u0159\u00edzen\u00ed, jsou p\u0159em\u00edstiteln\u00e9, levn\u011bj\u0161\u00ed, nev\u00fdhodou je hlu\u010dn\u011bj\u0161\u00ed provoz a nutnost vyveden\u00ed hadice s\u00a0tepl\u00fdm vzduchem ven.Split syst\u00e9my \u2013 tzv.d\u011blen\u00e9, kdy klimatizace skl\u00e1d\u00e1 ze dvou jednotek, vnit\u0159n\u00ed a vn\u011bj\u0161\u00ed, je ti\u0161\u0161\u00ed ale v\u011bt\u0161inou se s\u00a0n\u00ed mus\u00ed po\u010d\u00edtat ji\u017e p\u0159i stavb\u011b budovy.Multisplit \u2013 funguj\u00ed stejn\u011b jako split, k\u00a0venkovn\u00ed jednotce je p\u0159ipojeno v\u00edce za\u0159\u00edzen\u00ed, (ka\u017ed\u00e9 m\u00e1 sv\u016fj termostat), tak\u017ee v\u00a0jednotliv\u00fdch m\u00edstnostech m\u016f\u017eete nastavit odli\u0161n\u00e9 teploty.Vnit\u0159n\u00ed \u2013 d\u011bl\u00ed se d\u00e1le dle typu um\u00edst\u011bn\u00ed nap\u0159. n\u00e1st\u011bnn\u00e9, podstropn\u00ed, mezistropn\u00ed, kazetov\u00e9, VRF a centr\u00e1ln\u00ed.Tyto klimatizace pot\u0159ebuj\u00ed tak\u00e9 pravidelnou \u00fadr\u017ebu odborn\u00edky, bez kter\u00e9 se neobejdou. Samoz\u0159ejm\u011b jsou tak\u00e9 rozd\u011blen\u00e9, podle energetick\u00e9 t\u0159\u00eddy, podle chlad\u00edc\u00edho v\u00fdkonu a pr\u016ftoku vzduchu. Pro alergikym\u016f\u017ee b\u00fdt tak\u00e9 zaj\u00edmav\u00e9, \u017ee n\u011bkter\u00e9 klimatizace maj\u00ed v\u00a0sob\u011b tzv. absorp\u010dn\u00ed filtr. Tyto filtry zachycuj\u00ed prach a r\u016fzn\u00e9 mikroskopick\u00e9 bakterie, kter\u00e9 jsou pr\u00e1v\u011b velice doporu\u010dov\u00e1ny do rodin alergik\u016f, v\u00a0provozu t\u0159eba do \u010dek\u00e1ren a m\u00edstnost\u00ed s\u00a0v\u011bt\u0161\u00edm pohybem osob.                                                                                                                                                                                                                                                                                                                                                                                        3.4\/5 - (5 votes)        "},{"@context":"https:\/\/schema.org\/","@type":"BreadcrumbList","itemListElement":[{"@type":"ListItem","position":1,"name":"P\u0159em\u00fd\u0161l\u00edte o po\u0159\u00edzen\u00ed klimatizace?","item":"https:\/\/www.ackin.cz\/premyslite-o-porizeni-klimatizace\/#breadcrumbitem"}]}]