[{"@context":"https:\/\/schema.org\/","@type":"Article","@id":"https:\/\/www.ackin.cz\/neni-bazen-nic-pro-vas-co-takhle-virivka\/#Article","mainEntityOfPage":"https:\/\/www.ackin.cz\/neni-bazen-nic-pro-vas-co-takhle-virivka\/","headline":"Nen\u00ed baz\u00e9n nic pro v\u00e1s? Co takhle v\u00ed\u0159ivka?","name":"Nen\u00ed baz\u00e9n nic pro v\u00e1s? Co takhle v\u00ed\u0159ivka?","description":"Vlastn\u00edte kr\u00e1sn\u00fd dome\u010dek na m\u00edst\u011b, kter\u00e9 jste si v\u017edy p\u0159\u00e1li s kr\u00e1snou zahradou. I kdy\u017e u\u017e si mysl\u00edte, \u017ee pr\u00e1ce na stavb\u011b a zvelebov\u00e1n\u00ed domku sko\u010dily, m\u00fdl\u00edte se. S \u010dasem pak zjist\u00edte, \u017ee v\u00e1m n\u011bco na zahrad\u011b chyb\u00ed\u2026 A co n\u011bco m\u016f\u017ee b\u00fdt pr\u00e1v\u011b baz\u00e9n. V letn\u00edch m\u011bs\u00edc\u00edch si teprve \u0159eknete, \u017ee by bylo v\u00e1\u017en\u011b [&hellip;]","datePublished":"2022-04-26","dateModified":"2023-04-30","author":{"@type":"Person","@id":"https:\/\/www.ackin.cz\/author\/devene\/#Person","name":"devene","url":"https:\/\/www.ackin.cz\/author\/devene\/","identifier":1,"image":{"@type":"ImageObject","@id":"https:\/\/secure.gravatar.com\/avatar\/d3163b56da0fbe010a5181dcf7396b9bd721056c768c8d190d293b864efe53fe?s=96&d=mm&r=g","url":"https:\/\/secure.gravatar.com\/avatar\/d3163b56da0fbe010a5181dcf7396b9bd721056c768c8d190d293b864efe53fe?s=96&d=mm&r=g","height":96,"width":96}},"publisher":{"@type":"Organization","name":"ackin.cz","logo":{"@type":"ImageObject","@id":"\/logo.png","url":"\/logo.png","width":600,"height":60}},"image":{"@type":"ImageObject","@id":"https:\/\/www.ackin.cz\/wp-content\/uploads\/whirlpool-1580294_960_720_1.jpg","url":"https:\/\/www.ackin.cz\/wp-content\/uploads\/whirlpool-1580294_960_720_1.jpg","height":0,"width":0},"url":"https:\/\/www.ackin.cz\/neni-bazen-nic-pro-vas-co-takhle-virivka\/","about":["Business"],"wordCount":470,"articleBody":"         Vlastn\u00edte kr\u00e1sn\u00fd dome\u010dek na m\u00edst\u011b, kter\u00e9 jste si v\u017edy p\u0159\u00e1li s kr\u00e1snou zahradou. I kdy\u017e u\u017e si mysl\u00edte, \u017ee pr\u00e1ce na stavb\u011b a zvelebov\u00e1n\u00ed domku sko\u010dily, m\u00fdl\u00edte se. S \u010dasem pak zjist\u00edte, \u017ee v\u00e1m n\u011bco na zahrad\u011b chyb\u00ed\u2026 A co n\u011bco m\u016f\u017ee b\u00fdt pr\u00e1v\u011b baz\u00e9n. V letn\u00edch m\u011bs\u00edc\u00edch si teprve \u0159eknete, \u017ee by bylo v\u00e1\u017en\u011b fajn n\u011bjak\u00fd ten baz\u00e9n si po\u0159\u00eddit, abyste se mohli zchladit a mohli b\u00fdt aspo\u0148 kv\u016fli koup\u00e1n\u00ed venku. Jinak se venku ned\u00e1 v hork\u00fdch dnech nic moc d\u011blat. M\u016f\u017eete si ale \u0159\u00edct, \u017ee pr\u00e1v\u011b baz\u00e9n nen\u00ed nic moc pro v\u00e1s. To je samoz\u0159ejm\u011b v po\u0159\u00e1dku, ale m\u016f\u017eeme se pod\u00edvat na dal\u0161\u00ed alternativy, kter\u00fdmi se d\u00e1 baz\u00e9n nahradit. Fenom\u00e9nem posledn\u00edch let jsou pr\u00e1v\u011b v\u00ed\u0159ivky. M\u016f\u017eete si te\u010f \u0159\u00edct, \u017ee jenom bl\u00e1zen si si v l\u00e9t\u011b koupil v\u00ed\u0159ivku na zahradu. Jen\u017ee ve v\u00ed\u0159ivce se nemus\u00edme v\u017edy oh\u0159\u00edvat, ale tak\u00e9 ochlazovat. V\u00ed\u0159ivky maj\u00ed hned n\u011bkolik funkc\u00ed nav\u00edc od baz\u00e9nu. D\u00e1 se v nich pohodln\u011b le\u017eet, relaxovat a nechat se mas\u00edrovat. Nen\u00ed to sice nic pro d\u011bti, kter\u00e9 se pot\u0159ebuj\u00ed ve vod\u011b vyblbnout, ale pro dosp\u011bl\u00e9 osoby v dom\u00e1cnosti je to \u00fa\u017easn\u00fd relax po dlouh\u00e9 a n\u00e1ro\u010dn\u00e9 pr\u00e1ci. Nehled\u011b na to, \u017ee v chladn\u011bj\u0161\u00edch dnech si m\u016f\u017eete zapnout oh\u0159ev a u\u017e\u00edt v\u00ed\u0159ivku i tak. Samoz\u0159ejm\u011b se nedoporu\u010duje m\u00edt v\u00ed\u0159ivku na otev\u0159en\u00e9m prostoru, i kdy\u017e i to je mo\u017enost samoz\u0159ejm\u011b. Lep\u0161\u00ed je ji m\u00edt v zast\u0159e\u0161en\u00e9m prostoru, p\u0159ed p\u0159\u00edm\u00fdm slune\u010dn\u00edm svitem a ostatn\u00edmi vlivy po\u010das\u00ed. O to l\u00e9pe kdy\u017e m\u00e1te prostor rovnou uvnit\u0159 domu na v\u00ed\u0159ivku. Tak\u00e9 je t\u0159eba myslet na okoln\u00ed faktory jako je list\u00ed, pil a podobn\u011b. V\u0161echny tyto ne\u010distoty p\u0159i p\u00e1du do v\u00ed\u0159ivky mohou zp\u016fsobit kalen\u00ed vody a vznik necht\u011bn\u00fdch vodn\u00edch \u0159as.P\u0159i po\u0159\u00edzen\u00ed v\u00ed\u0159ivky je t\u0159eba myslet na servis v\u00ed\u0159ivek. Sami si nebudete schopni v\u00ed\u0159ivku opravovat nebo n\u011bjak\u00fdm zp\u016fsobem udr\u017eovat (krom \u010di\u0161t\u011bn\u00ed). Firma, kter\u00e1 v\u00e1m v\u00ed\u0159ivku donese a sestav\u00ed by m\u011bla nab\u00edzet servis. Pokud ne, existuje mnoho dal\u0161\u00edch firem, kter\u00e9 se v\u00e1m r\u00e1di o v\u00ed\u0159ivku postaraj\u00ed. Nen\u00ed to tedy tak jednoduch\u00e9 jako u baz\u00e9nu, ale za to z\u00e1\u017eitek z v\u00ed\u0159ivky je mnohem siln\u011bj\u0161\u00ed.                                                                                                                                                                                                                                                                                                                                                                                           4.7\/5 - (9 votes)        "},{"@context":"https:\/\/schema.org\/","@type":"BreadcrumbList","itemListElement":[{"@type":"ListItem","position":1,"name":"Nen\u00ed baz\u00e9n nic pro v\u00e1s? Co takhle v\u00ed\u0159ivka?","item":"https:\/\/www.ackin.cz\/neni-bazen-nic-pro-vas-co-takhle-virivka\/#breadcrumbitem"}]}]