[{"@context":"https:\/\/schema.org\/","@type":"Article","@id":"https:\/\/www.ackin.cz\/jizda-na-prvnim-kole-kterou-zvladnou-uz-ti-nejmensi\/#Article","mainEntityOfPage":"https:\/\/www.ackin.cz\/jizda-na-prvnim-kole-kterou-zvladnou-uz-ti-nejmensi\/","headline":"J\u00edzda na prvn\u00edm kole, kterou zvl\u00e1dnou u\u017e ti nejmen\u0161\u00ed","name":"J\u00edzda na prvn\u00edm kole, kterou zvl\u00e1dnou u\u017e ti nejmen\u0161\u00ed","description":"Je i va\u0161e d\u00edt\u011b u\u017e ve v\u011bku, kdy rodinn\u00e9 proch\u00e1zky nezahrnuj\u00ed pouze j\u00edzdu v ko\u010d\u00e1rku, ale i jeho ch\u016fzi po vlastn\u00edch? V tyto dob\u011b, kdy se d\u00edt\u011b u\u017e nau\u010d\u00ed chodit a absolvovat del\u0161\u00ed proch\u00e1zku i p\u011b\u0161ky, je nejvy\u0161\u0161\u00ed \u010das rozhl\u00e9dnout se po odr\u00e1\u017eedle \u2013 tedy voz\u00edtku, kter\u00e9 je vhodn\u00e9 u\u017e pro d\u011bti od jednoho roku. [&hellip;]","datePublished":"2020-12-15","dateModified":"2023-04-30","author":{"@type":"Person","@id":"https:\/\/www.ackin.cz\/author\/devene\/#Person","name":"devene","url":"https:\/\/www.ackin.cz\/author\/devene\/","identifier":1,"image":{"@type":"ImageObject","@id":"https:\/\/secure.gravatar.com\/avatar\/d3163b56da0fbe010a5181dcf7396b9bd721056c768c8d190d293b864efe53fe?s=96&d=mm&r=g","url":"https:\/\/secure.gravatar.com\/avatar\/d3163b56da0fbe010a5181dcf7396b9bd721056c768c8d190d293b864efe53fe?s=96&d=mm&r=g","height":96,"width":96}},"publisher":{"@type":"Organization","name":"ackin.cz","logo":{"@type":"ImageObject","@id":"\/logo.png","url":"\/logo.png","width":600,"height":60}},"image":{"@type":"ImageObject","@id":"https:\/\/www.ackin.cz\/wp-content\/uploads\/d%C4%9Btsk%C3%A9%20odr%C3%A1%C5%BEedlo.jpg","url":"https:\/\/www.ackin.cz\/wp-content\/uploads\/d%C4%9Btsk%C3%A9%20odr%C3%A1%C5%BEedlo.jpg","height":0,"width":0},"url":"https:\/\/www.ackin.cz\/jizda-na-prvnim-kole-kterou-zvladnou-uz-ti-nejmensi\/","about":["\u017deny"],"wordCount":447,"articleBody":"   Je i va\u0161e d\u00edt\u011b u\u017e ve v\u011bku, kdy rodinn\u00e9 proch\u00e1zky nezahrnuj\u00ed pouze j\u00edzdu v ko\u010d\u00e1rku, ale i jeho ch\u016fzi po vlastn\u00edch? V tyto dob\u011b, kdy se d\u00edt\u011b u\u017e nau\u010d\u00ed chodit a absolvovat del\u0161\u00ed proch\u00e1zku i p\u011b\u0161ky, je nejvy\u0161\u0161\u00ed \u010das rozhl\u00e9dnout se po odr\u00e1\u017eedle \u2013 tedy voz\u00edtku, kter\u00e9 je vhodn\u00e9 u\u017e pro d\u011bti od jednoho roku.Existuje mnoho typ\u016f, ze kter\u00fdch si mohou rodi\u010de vybrat takov\u00e9, kter\u00e9 bude pro jejich d\u00edt\u011b bezpe\u010dn\u00e9 a takzvan\u011b \u201enejlep\u0161\u00ed\u201c. Je v\u0161ak nezbytn\u00e9 si uv\u011bdomit, \u017ee o jejich kvalit\u011b rozhoduje n\u011bkolik faktor\u016f, o kter\u00fdch byste m\u011bli v\u011bd\u011bt je\u0161t\u011b p\u0159edt\u00edm, ne\u017e jedno takov\u00e9 po\u0159\u00edd\u00edte i va\u0161emu d\u00edt\u011bti.Co by m\u011blo spl\u0148ovat perfektn\u00ed odr\u00e1\u017eedlo?Mnoho rodi\u010d\u016f se \u0159\u00edd\u00ed heslem \u2013 \u010d\u00edm dra\u017e\u0161\u00ed, t\u00edm lep\u0161\u00ed. Ve v\u0161ech p\u0159\u00edpadech to ov\u0161em nen\u00ed pravda, proto\u017ee cenov\u00e9 ohodnocen\u00ed zpravidla vypov\u00edd\u00e1 o zna\u010dce (a tedy zn\u00e1m\u011bj\u0161\u00edm v\u00fdrobci) ne\u017e o kvalit\u011b. V na\u0161em sortimentu nalezete d\u0159ev\u011bn\u00e9 odr\u00e1\u017eedlo pro ro\u010dn\u00ed d\u00edt\u011b https:\/\/www.chytraliska.cz\/kategorie\/detske-hracky-na-ven-a-zahradu\/detska-drevena-odrazedla\/ jak pro hol\u010di\u010dky, tak pro kluky, kter\u00e9 je d\u00edky sv\u00e9mu odoln\u00e9mu a pevn\u00e9mu materi\u00e1lu spolehliv\u00fdm voz\u00edtkem pro ob\u011b pohlav\u00ed a d\u011bti r\u016fzn\u00e9ho v\u011bku. Pokud se u\u017e tedy zaj\u00edm\u00e1te o to, jak\u00fd materi\u00e1l by byl nejlep\u0161\u00ed p\u0159i v\u00fdb\u011bru prvn\u00edho voz\u00edtka, lehk\u00e1 d\u0159ev\u011bn\u00e1 konstrukce v\u00e1s rozhodn\u011b nezklame.Nastaviteln\u00e1 v\u00fd\u0161ka sedadla \u2013 n\u011bco, co byste nem\u011bli p\u0159ehl\u00ed\u017eet. D\u011bti toti\u017e rostou z\u00e1vratnou rychlost\u00ed a plat\u00ed, \u017ee je spr\u00e1vn\u00e9 hled\u011bt i na to, jak dlouhou \u017eivotnost pro nich bude m\u00edt hra\u010dka nebo t\u0159eba prvn\u00ed kolo, kter\u00e9 se jim rozhodnete zakoupit. Hledejte tedy na m\u00edst\u011b, kde v\u00e1m sortiment voz\u00edtek pro ty nejmen\u0161\u00ed d\u011bti umo\u017en\u00ed nastavit jim sedadlo rok co rok o n\u011bco v\u00fd\u0161e a p\u0159izp\u016fsobit tak polohu t\u011bla p\u0159i odr\u00e1\u017een\u00ed do takov\u00e9 pozice, aby jim byla p\u0159\u00edjemn\u00e1.Dopl\u0148ky d\u011blaj\u00ed z voz\u00edtka celek. Naj\u00edt tedy typ, kter\u00fd bude disponovat zvonkem, bat\u016f\u017ekem na ukl\u00e1d\u00e1n\u00ed sva\u010diny a hra\u010dek, ale i brzdou je n\u011bco, co v\u00e1m d\u00e1 jistotu, \u017ee se va\u0161emu d\u00edt\u011bti zal\u00edb\u00ed a proch\u00e1zky s v\u00e1mi si bude naplno u\u017e\u00edvat. A to bezesporu do doby, ne\u017e dostane jeho prvn\u00ed kolo s ped\u00e1ly.                                                                                                                                                                                                                                                                                                                                                                                          4.8\/5 - (6 votes)        "},{"@context":"https:\/\/schema.org\/","@type":"BreadcrumbList","itemListElement":[{"@type":"ListItem","position":1,"name":"J\u00edzda na prvn\u00edm kole, kterou zvl\u00e1dnou u\u017e ti nejmen\u0161\u00ed","item":"https:\/\/www.ackin.cz\/jizda-na-prvnim-kole-kterou-zvladnou-uz-ti-nejmensi\/#breadcrumbitem"}]}]